{"id":4185,"date":"2022-12-08T17:18:30","date_gmt":"2022-12-08T16:18:30","guid":{"rendered":"https:\/\/www.kamprad.net\/?p=4185"},"modified":"2022-12-14T19:51:52","modified_gmt":"2022-12-14T18:51:52","slug":"kurzfristenergieversorgungssicherungsmasnahmenverordnung","status":"publish","type":"post","link":"https:\/\/www.kamprad.net\/index.php\/2022\/12\/08\/kurzfristenergieversorgungssicherungsmasnahmenverordnung\/","title":{"rendered":"#Kurzfristenergieversorgungssicherungsma\u00dfnahmenverordnung"},"content":{"rendered":"\n<p>Die Bundesregierung hat die Kurzfristenergieversorgungssicherungsma\u00dfnahmenverordnung, kurz EnSikuMaV, zum 1. September 2022 verabschiedet.<\/p>\n\n\n\n<p>Mein Gas Anbieter:<\/p>\n\n\n\n<p><em>Senken Sie die Raumtemperatur um 1\u00b0C und sparen Sie damit bis zu 6% Gasverbrauch. Auf Ihren<br>Jahresverbrauch in H\u00f6he von 13.629 kWh geschaut, w\u00fcrde dies bei Ihrem Arbeitspreis von 8,85 ct.\/kWh<br>eine Ersparnis von ca. 72,37 \u20ac ausmachen.<\/em><\/p>\n\n\n\n<p>Ha ha das ist lustig.. die 72,37\u20ac spar ich mir dann \ud83d\ude09 <\/p>\n\n\n\n<p>Der Durchschnittliche Gas Verbrauch einer Wohung dieser Gr\u00f6\u00dfe, Altbau, 4 Personen:<\/p>\n\n\n\n<p>32.800 kWh <\/p>\n\n\n\n<p>41,55 %  davon verbrauchen wir nur.. und ich soll jetzt die Temperatur um 1 Grad runter stellen und alle T\u00fcren zu machen.. wird dann ganz sch\u00f6n viel mehr sparen .. da wie bei den meisten Gasetagen Heizungen ein Thermostat irgendwo Zentral angebracht wird.. bei uns mit Erdgeschoss und Obergeschoss.. ist das oben im w\u00e4rmsten Zimmer.. wenn wir die T\u00fcren schlie\u00dfen wird der Rest der Wohnung garnicht mehr geheizt. <\/p>\n\n\n\n<p>Toller Spar-Tip Danke !<\/p>\n\n\n\n<p>Vorallem Da es sich um ein Gartenhaus handelt.. Schimmel und Feuchtigkeit werden das Erdgeschass dann eh unbewohnbar machen \ud83d\ude09 <\/p>\n\n\n\n<p>Also besser Heizung um 2 Grad rauf schalten und die Absenk-Temperatur ebenfalls. <\/p>\n\n\n\n<p>Was dann eventuell wirklich \u00fcbers Jahr den Verbrauch senken w\u00fcrde.. <\/p>\n\n\n\n<figure class=\"wp-block-image size-large\"><img data-recalc-dims=\"1\" loading=\"lazy\" decoding=\"async\" width=\"640\" height=\"389\" src=\"https:\/\/i0.wp.com\/www.kamprad.net\/wp-content\/uploads\/2022\/12\/trees-4727156_1280.jpg?resize=640%2C389&#038;ssl=1\" alt=\"\" class=\"wp-image-4186\" srcset=\"https:\/\/i0.wp.com\/www.kamprad.net\/wp-content\/uploads\/2022\/12\/trees-4727156_1280.jpg?resize=1024%2C622&amp;ssl=1 1024w, https:\/\/i0.wp.com\/www.kamprad.net\/wp-content\/uploads\/2022\/12\/trees-4727156_1280.jpg?resize=300%2C182&amp;ssl=1 300w, https:\/\/i0.wp.com\/www.kamprad.net\/wp-content\/uploads\/2022\/12\/trees-4727156_1280.jpg?resize=768%2C466&amp;ssl=1 768w, https:\/\/i0.wp.com\/www.kamprad.net\/wp-content\/uploads\/2022\/12\/trees-4727156_1280.jpg?w=1280&amp;ssl=1 1280w\" sizes=\"auto, (max-width: 640px) 100vw, 640px\" \/><figcaption class=\"wp-element-caption\">Bild von <a href=\"https:\/\/pixabay.com\/de\/users\/robert_c-1017101\/?utm_source=link-attribution&amp;utm_medium=referral&amp;utm_campaign=image&amp;utm_content=4727156\">Robert C<\/a> auf <a href=\"https:\/\/pixabay.com\/de\/\/?utm_source=link-attribution&amp;utm_medium=referral&amp;utm_campaign=image&amp;utm_content=4727156\">Pixabay<\/a><\/figcaption><\/figure>\n\n\n\n<blockquote class=\"wp-block-quote is-layout-flow wp-block-quote-is-layout-flow\">\n<p><a href=\"https:\/\/www.bmwk.de\/Redaktion\/DE\/Downloads\/E\/ensikumav.pdf\">https:\/\/www.bmwk.de\/Redaktion\/DE\/Downloads\/E\/ensikumav.pdf<\/a><\/p>\n<cite>Verordnung zur Sicherung der Energieversorgung \u00fcber kurzfristig wirksame Ma\u00dfnahmen.<\/cite><\/blockquote>\n\n\n\n<p>H\u00f6rt sich ja schon nach DDR 3.0 an.. Kollektive-Gesetzliche-Gassparma\u00dfnahmen.<\/p>\n\n\n\n<p><\/p>\n","protected":false},"excerpt":{"rendered":"<p>Die Bundesregierung hat die Kurzfristenergieversorgungssicherungsma\u00dfnahmenverordnung, kurz EnSikuMaV, zum 1. September 2022 verabschiedet. Mein Gas Anbieter: Senken Sie die Raumtemperatur um 1\u00b0C und sparen Sie damit bis zu 6% Gasverbrauch. Auf IhrenJahresverbrauch in H\u00f6he von 13.629 kWh geschaut, w\u00fcrde dies bei Ihrem Arbeitspreis von 8,85 ct.\/kWheine Ersparnis von ca. 72,37 \u20ac ausmachen. Ha ha das ist [&hellip;]<\/p>\n","protected":false},"author":1,"featured_media":0,"comment_status":"open","ping_status":"open","sticky":false,"template":"","format":"standard","meta":{"_jetpack_memberships_contains_paid_content":false,"footnotes":""},"categories":[1],"tags":[],"class_list":["post-4185","post","type-post","status-publish","format-standard","hentry","category-allgemein"],"jetpack_featured_media_url":"","jetpack_sharing_enabled":true,"jetpack_likes_enabled":true,"_links":{"self":[{"href":"https:\/\/www.kamprad.net\/index.php\/wp-json\/wp\/v2\/posts\/4185","targetHints":{"allow":["GET"]}}],"collection":[{"href":"https:\/\/www.kamprad.net\/index.php\/wp-json\/wp\/v2\/posts"}],"about":[{"href":"https:\/\/www.kamprad.net\/index.php\/wp-json\/wp\/v2\/types\/post"}],"author":[{"embeddable":true,"href":"https:\/\/www.kamprad.net\/index.php\/wp-json\/wp\/v2\/users\/1"}],"replies":[{"embeddable":true,"href":"https:\/\/www.kamprad.net\/index.php\/wp-json\/wp\/v2\/comments?post=4185"}],"version-history":[{"count":4,"href":"https:\/\/www.kamprad.net\/index.php\/wp-json\/wp\/v2\/posts\/4185\/revisions"}],"predecessor-version":[{"id":4191,"href":"https:\/\/www.kamprad.net\/index.php\/wp-json\/wp\/v2\/posts\/4185\/revisions\/4191"}],"wp:attachment":[{"href":"https:\/\/www.kamprad.net\/index.php\/wp-json\/wp\/v2\/media?parent=4185"}],"wp:term":[{"taxonomy":"category","embeddable":true,"href":"https:\/\/www.kamprad.net\/index.php\/wp-json\/wp\/v2\/categories?post=4185"},{"taxonomy":"post_tag","embeddable":true,"href":"https:\/\/www.kamprad.net\/index.php\/wp-json\/wp\/v2\/tags?post=4185"}],"curies":[{"name":"wp","href":"https:\/\/api.w.org\/{rel}","templated":true}]}}